{"id":6732,"date":"2020-06-12T10:30:17","date_gmt":"2020-06-12T08:30:17","guid":{"rendered":"https:\/\/nr.no\/nyheter\/stor-interesse-for-befolkningsregister\/"},"modified":"2021-05-26T16:58:20","modified_gmt":"2021-05-26T14:58:20","slug":"stor-interesse-for-befolkningsregister","status":"publish","type":"post","link":"https:\/\/nr.no\/en\/news\/stor-interesse-for-befolkningsregister\/","title":{"rendered":"Stor interesse for befolkningsregister"},"content":{"rendered":"<h4>\n\t\u00a0<\/h4>\n<h4>\n\tDet historiske befolkningsregisteret er et samarbeid mellom Arkivverket, Statistisk sentralbyr\u00e5, UiT &#8211; Norges arktiske universitet, Folkehelseinstituttet og Norsk Regnesentral (NR).<\/h4>\n<p>\u00a0<\/p>\n<p>&#8211; Jeg er glad for interessen databasen f\u00e5r, sier Lars Holden, administrerende direkt\u00f8r i Norsk Regnesentral og en av initiativtagerne til prosjektet. &#8211; Vi inviterer til dugnad, og det er n\u00f8dvendig at s\u00e5 mange som mulig bruker registeret for at databasen skal bli komplett.\u00a0<\/p>\n<p><img decoding=\"async\" alt=\"\" class=\"caption\" longdesc=\"Arkivbilde familiefotografier\" src=\"https:\/\/gnist.dev\/nr\/content\/uploads\/sites\/2\/2020\/06\/familiebilder1.jpg\" style=\"max-width: 50%; float: left;\" title=\"iStock\" \/><\/p>\n<p>\u00a0<\/p>\n<p>M\u00e5let er \u00e5 f\u00e5 oversikt over alle nordmenn som har levd de siste 200 \u00e5rene. &#8211; Dette er et unikt prosjekt, hvis vi lykkes sitter vi med oversikt over 14 millioner mennesker, med oss som lever i dag. Det er et stort tall, og denne oversikten kommer til \u00e5 bli brukt b\u00e5de av internasjonale og norske forskere i fremtiden, sier Holden.<\/p>\n<p>\u00a0<\/p>\n<h4>\n\tHistorisk befolkningsregister<\/h4>\n<h4>\n\tfinner du her:\u00a0<a href=\"http:\/\/histreg.no\">http:\/\/histreg.no<\/a><\/h4>\n<p>\u00a0<\/p>\n","protected":false},"excerpt":{"rendered":"<h4>\n\tDatabasen over alle som har levd i Norge siden begynnelsen av 1800-tallet er popul\u00e6r.<\/h4>\n<h4>\n\t&#8211; Vi inviterer til dugnad, alle som vil kan g\u00e5 inn og registrere sin slekt, sier Lars Holden.<\/h4>\n","protected":false},"author":2,"featured_media":6733,"comment_status":"open","ping_status":"closed","sticky":false,"template":"","format":"standard","meta":{"_acf_changed":false,"_trash_the_other_posts":false,"editor_notices":[],"footnotes":""},"categories":[1],"tags":[],"class_list":{"0":"post-6732","1":"post","2":"type-post","3":"status-publish","4":"format-standard","5":"has-post-thumbnail","7":"category-news"},"acf":[],"_links":{"self":[{"href":"https:\/\/nr.no\/en\/wp-json\/wp\/v2\/posts\/6732","targetHints":{"allow":["GET"]}}],"collection":[{"href":"https:\/\/nr.no\/en\/wp-json\/wp\/v2\/posts"}],"about":[{"href":"https:\/\/nr.no\/en\/wp-json\/wp\/v2\/types\/post"}],"author":[{"embeddable":true,"href":"https:\/\/nr.no\/en\/wp-json\/wp\/v2\/users\/2"}],"replies":[{"embeddable":true,"href":"https:\/\/nr.no\/en\/wp-json\/wp\/v2\/comments?post=6732"}],"version-history":[{"count":3,"href":"https:\/\/nr.no\/en\/wp-json\/wp\/v2\/posts\/6732\/revisions"}],"predecessor-version":[{"id":12393,"href":"https:\/\/nr.no\/en\/wp-json\/wp\/v2\/posts\/6732\/revisions\/12393"}],"wp:featuredmedia":[{"embeddable":true,"href":"https:\/\/nr.no\/en\/wp-json\/wp\/v2\/media\/6733"}],"wp:attachment":[{"href":"https:\/\/nr.no\/en\/wp-json\/wp\/v2\/media?parent=6732"}],"wp:term":[{"taxonomy":"category","embeddable":true,"href":"https:\/\/nr.no\/en\/wp-json\/wp\/v2\/categories?post=6732"},{"taxonomy":"post_tag","embeddable":true,"href":"https:\/\/nr.no\/en\/wp-json\/wp\/v2\/tags?post=6732"}],"curies":[{"name":"wp","href":"https:\/\/api.w.org\/{rel}","templated":true}]}}